{"id":6463,"date":"2018-08-02T06:18:26","date_gmt":"2018-08-02T04:18:26","guid":{"rendered":"https:\/\/dev21.ecoclime.se\/en\/ecoclime-lanserar-unikt-komfortgarantikoncept-for-stabil-inomhustemperatur-luftkvalitet-ljudlost-och-dragfritt-i-alla-vader\/"},"modified":"2022-07-08T11:25:56","modified_gmt":"2022-07-08T09:25:56","slug":"ecoclime-lanserar-unikt-komfortgarantikoncept-for-stabil-inomhustemperatur-luftkvalitet-ljudlost-och-dragfritt-i-alla-vader","status":"publish","type":"post","link":"https:\/\/ecoclime.se\/en\/news\/ecoclime-lanserar-unikt-komfortgarantikoncept-for-stabil-inomhustemperatur-luftkvalitet-ljudlost-och-dragfritt-i-alla-vader\/","title":{"rendered":"Ecoclime lanserar unikt komfortgarantikoncept f\u00f6r stabil inomhustemperatur, luftkvalitet, ljudl\u00f6st och dragfritt i alla v\u00e4der"},"content":{"rendered":"<p>\u201dVi har nu 5 \u00e5rs erfarenhet av v\u00e5ra unika systeminstallationer i \u00f6ver 50000 kvm lokaler av olika slag och kan d\u00e4rf\u00f6r med sj\u00e4lvf\u00f6rtroende lansera det h\u00e4r konceptet. Vi \u00e4r f\u00f6rst p\u00e5 marknaden att erbjuda fastighets\u00e4gare och hyresg\u00e4ster komfortgarantiavtal. Man f\u00e5r den specificerade komfort man betalar f\u00f6r\u201d, s\u00e4ger Lennart Olofsson VD i Ecoclime. \u201dVi garanterar att temperaturen h\u00e5ller sig inom ett intervall av \u00b1 1,5 grader \u00e5ret om i alla lokaler, oavsett om det \u00e4r -40 eller +40 grader utomhus, till en totalkostnad f\u00f6r fastighets\u00e4gare och hyresg\u00e4ster som \u00e4r avsev\u00e4rt l\u00e4gre \u00e4n konkurrenterna, som inte l\u00e4mnar n\u00e5gra komfortgarantier eller erbjuder hyresavtal. D\u00e4rtill kan vi \u00e4ven optimera energinyttjandet och dokumentera komforten i realtid, via v\u00e5r digitala plattform Ecoclime Optima\u201d.<\/p>\n<p>Verksamheten som f\u00f6ljer av konceptet ger ett EBITA-resultat \u00f6ver 20% och m\u00f6jligg\u00f6r en f\u00f6rdubbling av oms\u00e4ttning och resultat inom aff\u00e4rsomr\u00e5det inomhuskomfort kommande \u00e5r.\u00a0<\/p>\n<p>Mer detaljer om garantiavtalen, l\u00f6nsamheten och funktionaliteten kommer att presenteras separat under augusti, bland annat vid ABG Sundal &#038; Colliers energy efficientevent f\u00f6r fastighetsinvesterare den 30 augusti, d\u00e5 komfortgarantikonceptet presenteras mer i detalj emot fastighets- och cleantechinvesterare.<\/p>\n<p>Denna information \u00e4r s\u00e5dan information som Ecoclime Group AB \u00e4r skyldigt att offentligg\u00f6ra enligt EU:s marknadsmissbruksf\u00f6rordning. Informationen l\u00e4mnades, genom ovanst\u00e5ende kontaktpersons f\u00f6rsorg, f\u00f6r offentligg\u00f6rande den 2:a augusti 2018.<\/p>\n","protected":false},"excerpt":{"rendered":"<p>Sommarens medelhavsv\u00e4rme i Nordeuropa har tydligt avsl\u00f6jat bristerna i merparten av de klimat- och ventilationssystem som \u00e4r installerade i fastigheter. Fastighets\u00e4gare som d\u00e4remot installerat Ecoclimes komfortsystem har kunnat njuta av semestern utan klagom\u00e5l samtidigt som hyresg\u00e4sterna har njutit av ett behagligt inomhusklimat med full produktivitet i lokalerna, trots den extrema utomhusv\u00e4rmen.<\/p>\n<p>Ecoclimes nya och unika komfortgarantikoncept inneb\u00e4r att fastighets\u00e4gare\/hyresg\u00e4ster betalar en fast m\u00e5nadshyra. F\u00f6r det f\u00e5r man installation av Ecoclimes komfortsystemen, en garanterad komfort avseende temperatur, luftkvalitet, drag, oljud mm. Ett system som optimerar och styr klimatet och luftkvalit\u00e9n inomhus f\u00f6r m\u00e4nniskorna oavsett utomhusv\u00e4der och verksamhet i lokalerna.\u00a0<\/p>\n","protected":false},"author":3,"featured_media":0,"comment_status":"closed","ping_status":"closed","sticky":false,"template":"","format":"standard","meta":{"_acf_changed":false,"wds_primary_category":0,"footnotes":""},"categories":[1],"tags":[30],"class_list":["post-6463","post","type-post","status-publish","format-standard","hentry","category-nyhet","tag-regulatorisk"],"acf":[],"_links":{"self":[{"href":"https:\/\/ecoclime.se\/en\/wp-json\/wp\/v2\/posts\/6463","targetHints":{"allow":["GET"]}}],"collection":[{"href":"https:\/\/ecoclime.se\/en\/wp-json\/wp\/v2\/posts"}],"about":[{"href":"https:\/\/ecoclime.se\/en\/wp-json\/wp\/v2\/types\/post"}],"author":[{"embeddable":true,"href":"https:\/\/ecoclime.se\/en\/wp-json\/wp\/v2\/users\/3"}],"replies":[{"embeddable":true,"href":"https:\/\/ecoclime.se\/en\/wp-json\/wp\/v2\/comments?post=6463"}],"version-history":[{"count":1,"href":"https:\/\/ecoclime.se\/en\/wp-json\/wp\/v2\/posts\/6463\/revisions"}],"predecessor-version":[{"id":6739,"href":"https:\/\/ecoclime.se\/en\/wp-json\/wp\/v2\/posts\/6463\/revisions\/6739"}],"wp:attachment":[{"href":"https:\/\/ecoclime.se\/en\/wp-json\/wp\/v2\/media?parent=6463"}],"wp:term":[{"taxonomy":"category","embeddable":true,"href":"https:\/\/ecoclime.se\/en\/wp-json\/wp\/v2\/categories?post=6463"},{"taxonomy":"post_tag","embeddable":true,"href":"https:\/\/ecoclime.se\/en\/wp-json\/wp\/v2\/tags?post=6463"}],"curies":[{"name":"wp","href":"https:\/\/api.w.org\/{rel}","templated":true}]}}