{"id":8942,"date":"2023-03-13T11:17:00","date_gmt":"2023-03-13T10:17:00","guid":{"rendered":"https:\/\/ecoclime.se\/de\/hans-aulin-ny-tf-cfo-for-ecoclime-group-ab\/"},"modified":"2023-03-13T11:17:00","modified_gmt":"2023-03-13T10:17:00","slug":"hans-aulin-ny-tf-cfo-for-ecoclime-group-ab","status":"publish","type":"post","link":"https:\/\/ecoclime.se\/de\/nachricht\/hans-aulin-ny-tf-cfo-for-ecoclime-group-ab\/","title":{"rendered":"Hans Aulin- ny tf CFO f\u00f6r Ecoclime Group AB"},"content":{"rendered":"<p>Hans Aulin har m\u00e5ng\u00e5rig och gedigen erfarenhet inom management, exempelvis som CFO p\u00e5 teknikkonsultbolaget Caran AB och Fr\u00f6sunda Omsorg AB samt interims-VD p\u00e5 utbildningsf\u00f6retaget Thorengruppen. Genom \u00e5ren har Hans haft ett flertal styrelseposter som ledamot eller ordf\u00f6rande, bland annat i snabbv\u00e4xande Thorengruppen AB. Hans var medgrundare till RT-Labs AB som \u00e4r verksamma inom mjukvaruutveckling. Hans har genomf\u00f6rt ett flertal f\u00f6rv\u00e4rv i Sverige och internationellt samt ett flertal turn-around projekt.<\/p>\n<p>Per Aspegren, tf VD och styrelseledamot i Ecoclime Group kommenterar rekryteringen:<\/p>\n<p>Vi \u00e4r mycket n\u00f6jda med rekryteringen. Hans har en gedigen erfarenhet som interim-CFO och en bred kunskap av att arbeta inom tillv\u00e4xtf\u00f6retag. Han har dessutom erfarenhet fr\u00e5n relevanta sektorer bland annat genom sitt senaste arbete p\u00e5 WBF (\u201drelining and clime control projects\u201d), Caverion och Rabbalshede Kraft.<\/p>\n","protected":false},"excerpt":{"rendered":"<p>Hans Aulin har utsetts som tillf\u00f6rordnad CFO f\u00f6r Ecoclime Group AB med tilltr\u00e4de den 14 mars 2023.<\/p>\n","protected":false},"author":3,"featured_media":8943,"comment_status":"closed","ping_status":"closed","sticky":false,"template":"","format":"standard","meta":{"_acf_changed":false,"wds_primary_category":0,"footnotes":""},"categories":[1],"tags":[30],"class_list":["post-8942","post","type-post","status-publish","format-standard","has-post-thumbnail","hentry","category-nyhet","tag-regulatorisk"],"acf":[],"_links":{"self":[{"href":"https:\/\/ecoclime.se\/de\/wp-json\/wp\/v2\/posts\/8942","targetHints":{"allow":["GET"]}}],"collection":[{"href":"https:\/\/ecoclime.se\/de\/wp-json\/wp\/v2\/posts"}],"about":[{"href":"https:\/\/ecoclime.se\/de\/wp-json\/wp\/v2\/types\/post"}],"author":[{"embeddable":true,"href":"https:\/\/ecoclime.se\/de\/wp-json\/wp\/v2\/users\/3"}],"replies":[{"embeddable":true,"href":"https:\/\/ecoclime.se\/de\/wp-json\/wp\/v2\/comments?post=8942"}],"version-history":[{"count":0,"href":"https:\/\/ecoclime.se\/de\/wp-json\/wp\/v2\/posts\/8942\/revisions"}],"wp:featuredmedia":[{"embeddable":true,"href":"https:\/\/ecoclime.se\/de\/wp-json\/wp\/v2\/media\/8943"}],"wp:attachment":[{"href":"https:\/\/ecoclime.se\/de\/wp-json\/wp\/v2\/media?parent=8942"}],"wp:term":[{"taxonomy":"category","embeddable":true,"href":"https:\/\/ecoclime.se\/de\/wp-json\/wp\/v2\/categories?post=8942"},{"taxonomy":"post_tag","embeddable":true,"href":"https:\/\/ecoclime.se\/de\/wp-json\/wp\/v2\/tags?post=8942"}],"curies":[{"name":"wp","href":"https:\/\/api.w.org\/{rel}","templated":true}]}}