{"id":8815,"date":"2023-02-16T09:45:00","date_gmt":"2023-02-16T08:45:00","guid":{"rendered":"https:\/\/ecoclime.se\/de\/rattelse-ecoclime-delarsrapport-kvartal-fyra-2022\/"},"modified":"2023-02-16T09:45:00","modified_gmt":"2023-02-16T08:45:00","slug":"rattelse-ecoclime-delarsrapport-kvartal-fyra-2022","status":"publish","type":"post","link":"https:\/\/ecoclime.se\/de\/nachricht\/rattelse-ecoclime-delarsrapport-kvartal-fyra-2022\/","title":{"rendered":"R\u00e4ttelse: Ecoclime del\u00e5rsrapport kvartal fyra 2022"},"content":{"rendered":"<p>SAMMANFATTNING AV DET FJ\u00c4RDE KVARTALET, OKTOBER \u2013 DECEMBER 2022:<\/p>\n<ul>\n<li>Nettooms\u00e4ttningen \u00f6kade med 76,7 % till 82 154 TSEK (46 506), varav 19,6 % organiskt<\/li>\n<li>Justerad EBITDA \u00f6kade till 5 363 TSEK (-71) och den justerade EBITDA-marginalen \u00f6kade till 6,5 % (-0,2)<\/li>\n<li>R\u00f6relseresultat (EBIT) minskade till -8 808 TSEK (-2 514)<\/li>\n<li>Resultat per aktie f\u00f6re och efter utsp\u00e4dning minskade till -0,03 SEK (-0,00)<\/li>\n<li>Soliditeten minskade till 69 % (86)<\/li>\n<li>Kassafl\u00f6det fr\u00e5n den l\u00f6pande verksamheten minskade till -11 754 TSEK (-9 677)<\/li>\n<li>En extra st\u00e4mma genomf\u00f6rdes den 11 november d\u00e4r ny styrelse uts\u00e5gs<\/li>\n<li>Per Aspegren tilltr\u00e4dde den 1 december som VD och koncernchef i Ecoclime Group<\/li>\n<li>En utst\u00e4lld option g\u00f6r att aktier i intressebolag kan skrivas upp med 8 646 TSEK<\/li>\n<\/ul>\n","protected":false},"excerpt":{"rendered":"<p>Ecoclime Group presenterar del\u00e5rsrapport f\u00f6r kvartal fyra 2022.<\/p>\n","protected":false},"author":3,"featured_media":0,"comment_status":"closed","ping_status":"closed","sticky":false,"template":"","format":"standard","meta":{"_acf_changed":false,"wds_primary_category":0,"footnotes":""},"categories":[1],"tags":[30],"class_list":["post-8815","post","type-post","status-publish","format-standard","hentry","category-nyhet","tag-regulatorisk"],"acf":[],"_links":{"self":[{"href":"https:\/\/ecoclime.se\/de\/wp-json\/wp\/v2\/posts\/8815","targetHints":{"allow":["GET"]}}],"collection":[{"href":"https:\/\/ecoclime.se\/de\/wp-json\/wp\/v2\/posts"}],"about":[{"href":"https:\/\/ecoclime.se\/de\/wp-json\/wp\/v2\/types\/post"}],"author":[{"embeddable":true,"href":"https:\/\/ecoclime.se\/de\/wp-json\/wp\/v2\/users\/3"}],"replies":[{"embeddable":true,"href":"https:\/\/ecoclime.se\/de\/wp-json\/wp\/v2\/comments?post=8815"}],"version-history":[{"count":0,"href":"https:\/\/ecoclime.se\/de\/wp-json\/wp\/v2\/posts\/8815\/revisions"}],"wp:attachment":[{"href":"https:\/\/ecoclime.se\/de\/wp-json\/wp\/v2\/media?parent=8815"}],"wp:term":[{"taxonomy":"category","embeddable":true,"href":"https:\/\/ecoclime.se\/de\/wp-json\/wp\/v2\/categories?post=8815"},{"taxonomy":"post_tag","embeddable":true,"href":"https:\/\/ecoclime.se\/de\/wp-json\/wp\/v2\/tags?post=8815"}],"curies":[{"name":"wp","href":"https:\/\/api.w.org\/{rel}","templated":true}]}}